[{"command":"add_css","data":"\u003Clink rel=\u0022stylesheet\u0022 media=\u0022all\u0022 href=\u0022\/sites\/default\/files\/css\/css_WklYK80dAitqNwWyh3wz9VsEvDnRucxBF0P176QT5OU.css?delta=0\u0026amp;language=nl\u0026amp;theme=france_velo_tourisme\u0026amp;include=eJxLKyvRLy7PLEgtAgAWSgQa\u0022 \/\u003E\n"},{"command":"insert","method":"append","selector":"body","data":"\u003Cscript src=\u0022\/sites\/default\/files\/js\/js_TpQJ03L2DYi9WBbsjQLnZeMYDsZ9zkOZBb1F1KFeRYM.js?scope=footer\u0026amp;delta=0\u0026amp;language=nl\u0026amp;theme=france_velo_tourisme\u0026amp;include=eJwryyzOzM_LSy0tTtUvQ7ABc-sJoA\u0022\u003E\u003C\/script\u003E\n","settings":null},{"command":"insert","method":"append","selector":"body","data":"\u003Cdiv\u003E\n      \u003Cdiv id=\u0022visionneuse\u0022\u003E\n      \u003Ca href=\u0022#\u0022 class=\u0022close\u0022 title=\u0022Sluiten\u0022\u003E\u003C\/a\u003E\n    \u003Cdiv class=\u0022content\u0022\u003E\n              \u003Cdiv class=\u0022swiper-images\u0022\u003E\n          \u003Cdiv class=\u0022swiper-container\u0022\u003E\n            \u003Cdiv class=\u0022swiper-wrapper\u0022\u003E\n                              \u003Cdiv class=\u0022swiper-slide image-wrapper\u0022\u003E\u003Cdiv\u003E\n    \n    \u003Cdiv class=\u0022label\u0022\u003E\n        Les plages du d\u00e9barquement : sur les traces de l\u0026#039;Histoire\u003Cspan class=\u0022copyright\u0022\u003E\n            \u00a9 Pascal Beltrami - La V\u00e9lo Francette\n    \u003C\/span\u003E\n    \u003C\/div\u003E\n    \u003Cdiv class=\u0022image\u0022\u003E\n        \n            \u003Cdiv class=\u0022field_media_image\u0022\u003E  \u003Cimg loading=\u0022lazy\u0022 src=\u0022\/sites\/default\/files\/styles\/visionneuse\/public\/medias\/images\/ouistreham_6_c_pascal_beltrami_-_la_velo_francetterbd.jpg.webp?itok=5-6E39V3\u0022 width=\u0022970\u0022 height=\u0022547\u0022 alt=\u0022Plage de Ouistreham - Riva Bella\u0022 \/\u003E\n\n\n\n\n\u003C\/div\u003E\n      \n    \u003C\/div\u003E\n\u003C\/div\u003E\n\u003C\/div\u003E\n                              \u003Cdiv class=\u0022swiper-slide image-wrapper\u0022\u003E\u003Cdiv\u003E\n    \n    \u003Cdiv class=\u0022label\u0022\u003E\n        Ponton et bateaux au port de Ouistreham - La V\u00e9lo Francette\u003Cspan class=\u0022copyright\u0022\u003E\n            \u00a9 F. Mahaut\n    \u003C\/span\u003E\n    \u003C\/div\u003E\n    \u003Cdiv class=\u0022image\u0022\u003E\n        \n            \u003Cdiv class=\u0022field_media_image\u0022\u003E  \u003Cimg loading=\u0022lazy\u0022 src=\u0022\/sites\/default\/files\/styles\/visionneuse\/public\/medias\/images\/ponton-bateaux-ouistreham.jpg.webp?itok=VmVez52A\u0022 width=\u0022970\u0022 height=\u0022547\u0022 alt=\u0022Ponton et bateaux au port de Ouistreham - La V\u00e9lo Francette\u0022 \/\u003E\n\n\n\n\n\u003C\/div\u003E\n      \n    \u003C\/div\u003E\n\u003C\/div\u003E\n\u003C\/div\u003E\n                              \u003Cdiv class=\u0022swiper-slide image-wrapper\u0022\u003E\u003Cdiv\u003E\n    \n    \u003Cdiv class=\u0022label\u0022\u003E\n        Restaurants dans la Rue de Vaugueux \u00e0 Caen\u003Cspan class=\u0022copyright\u0022\u003E\n            \u00a9 Calvados Tourisme - JM. Gatey\n    \u003C\/span\u003E\n    \u003C\/div\u003E\n    \u003Cdiv class=\u0022image\u0022\u003E\n        \n            \u003Cdiv class=\u0022field_media_image\u0022\u003E  \u003Cimg loading=\u0022lazy\u0022 src=\u0022\/sites\/default\/files\/styles\/visionneuse\/public\/medias\/images\/caen-rue-vaugueux-velofrancette.jpg.webp?itok=NMCOGD3Z\u0022 width=\u0022970\u0022 height=\u0022547\u0022 alt=\u0022Restaurants dans la Rue de Vaugueux \u00e0 Caen\u0022 \/\u003E\n\n\n\n\n\u003C\/div\u003E\n      \n    \u003C\/div\u003E\n\u003C\/div\u003E\n\u003C\/div\u003E\n                              \u003Cdiv class=\u0022swiper-slide image-wrapper\u0022\u003E\u003Cdiv\u003E\n    \n    \u003Cdiv class=\u0022label\u0022\u003E\n        Baie de l\u0026#039;Orne vue du ciel\u003Cspan class=\u0022copyright\u0022\u003E\n            \u00a9 Calvados Tourisme - G. Wait\n    \u003C\/span\u003E\n    \u003C\/div\u003E\n    \u003Cdiv class=\u0022image\u0022\u003E\n        \n            \u003Cdiv class=\u0022field_media_image\u0022\u003E  \u003Cimg loading=\u0022lazy\u0022 src=\u0022\/sites\/default\/files\/styles\/visionneuse\/public\/medias\/images\/baie-de-l-orne_0.jpg.webp?itok=XgIfPEqD\u0022 width=\u0022970\u0022 height=\u0022547\u0022 alt=\u0022Baie de l\u0026#039;Orne vue du ciel\u0022 \/\u003E\n\n\n\n\n\u003C\/div\u003E\n      \n    \u003C\/div\u003E\n\u003C\/div\u003E\n\u003C\/div\u003E\n                              \u003Cdiv class=\u0022swiper-slide image-wrapper\u0022\u003E\u003Cdiv\u003E\n    \n    \u003Cdiv class=\u0022label\u0022\u003E\n        Prendre le temps d\u0026#039;explorer Caen\u003Cspan class=\u0022copyright\u0022\u003E\n            \u00a9 Calvados Tourisme - J. Damase\n    \u003C\/span\u003E\n    \u003C\/div\u003E\n    \u003Cdiv class=\u0022image\u0022\u003E\n        \n            \u003Cdiv class=\u0022field_media_image\u0022\u003E  \u003Cimg loading=\u0022lazy\u0022 src=\u0022\/sites\/default\/files\/styles\/visionneuse\/public\/medias\/images\/caen-abbaye-aux_hommes-normandie_0.jpg.webp?itok=l5bTnGCM\u0022 width=\u0022970\u0022 height=\u0022547\u0022 alt=\u0022L\u0026#039;Abbaye aux Hommes \u00e0 Caen - La V\u00e9lo Francette\u0022 \/\u003E\n\n\n\n\n\u003C\/div\u003E\n      \n    \u003C\/div\u003E\n\u003C\/div\u003E\n\u003C\/div\u003E\n                              \u003Cdiv class=\u0022swiper-slide image-wrapper\u0022\u003E\u003Cdiv\u003E\n    \n    \u003Cdiv class=\u0022label\u0022\u003E\n        March\u00e9 aux poissons et fruits de mer \u00e0 Ouistreham\u003Cspan class=\u0022copyright\u0022\u003E\n            \u00a9 Calvados Tourisme - J. Damase\n    \u003C\/span\u003E\n    \u003C\/div\u003E\n    \u003Cdiv class=\u0022image\u0022\u003E\n        \n            \u003Cdiv class=\u0022field_media_image\u0022\u003E  \u003Cimg loading=\u0022lazy\u0022 src=\u0022\/sites\/default\/files\/styles\/visionneuse\/public\/medias\/images\/marche-pecheur-ouistreham-velofrancette.jpg.webp?itok=hmIjf5k9\u0022 width=\u0022970\u0022 height=\u0022547\u0022 alt=\u0022March\u00e9 aux poissons et fruits de mer \u00e0 Ouistreham\u0022 \/\u003E\n\n\n\n\n\u003C\/div\u003E\n      \n    \u003C\/div\u003E\n\u003C\/div\u003E\n\u003C\/div\u003E\n                              \u003Cdiv class=\u0022swiper-slide image-wrapper\u0022\u003E\u003Cdiv\u003E\n    \n    \u003Cdiv class=\u0022label\u0022\u003E\n        Port de Ouistreham \u00e0 v\u00e9lo - La V\u00e9lo Francette\u003Cspan class=\u0022copyright\u0022\u003E\n            \u00a9 Calvados Tourisme - J. Damase\n    \u003C\/span\u003E\n    \u003C\/div\u003E\n    \u003Cdiv class=\u0022image\u0022\u003E\n        \n            \u003Cdiv class=\u0022field_media_image\u0022\u003E  \u003Cimg loading=\u0022lazy\u0022 src=\u0022\/sites\/default\/files\/styles\/visionneuse\/public\/medias\/images\/port-ouistreham-a-velo-velofrancette.jpg.webp?itok=8KZUokCo\u0022 width=\u0022970\u0022 height=\u0022547\u0022 alt=\u0022Port de Ouistreham \u00e0 v\u00e9lo - La V\u00e9lo Francette\u0022 \/\u003E\n\n\n\n\n\u003C\/div\u003E\n      \n    \u003C\/div\u003E\n\u003C\/div\u003E\n\u003C\/div\u003E\n                              \u003Cdiv class=\u0022swiper-slide image-wrapper\u0022\u003E\u003Cdiv\u003E\n    \n    \u003Cdiv class=\u0022label\u0022\u003E\n        Pegasus Bridge \u00e0 v\u00e9lo avec une remorque\u003Cspan class=\u0022copyright\u0022\u003E\n            \u00a9 Calvados Tourisme - G. Wait\n    \u003C\/span\u003E\n    \u003C\/div\u003E\n    \u003Cdiv class=\u0022image\u0022\u003E\n        \n            \u003Cdiv class=\u0022field_media_image\u0022\u003E  \u003Cimg loading=\u0022lazy\u0022 src=\u0022\/sites\/default\/files\/styles\/visionneuse\/public\/medias\/images\/pegasus-bridge-velo-avec-remorque.jpg.webp?itok=vLB6cKiB\u0022 width=\u0022970\u0022 height=\u0022547\u0022 alt=\u0022Pegasus Bridge \u00e0 v\u00e9lo avec une remorque\u0022 \/\u003E\n\n\n\n\n\u003C\/div\u003E\n      \n    \u003C\/div\u003E\n\u003C\/div\u003E\n\u003C\/div\u003E\n                              \u003Cdiv class=\u0022swiper-slide image-wrapper\u0022\u003E\u003Cdiv\u003E\n    \n    \u003Cdiv class=\u0022label\u0022\u003E\n        Couple \u00e0 v\u00e9lo \u00e0 Caen sur la V\u00e9lo Francette\u003Cspan class=\u0022copyright\u0022\u003E\n            \u00a9 Calvados Tourisme - J. Damase\n    \u003C\/span\u003E\n    \u003C\/div\u003E\n    \u003Cdiv class=\u0022image\u0022\u003E\n        \n            \u003Cdiv class=\u0022field_media_image\u0022\u003E  \u003Cimg loading=\u0022lazy\u0022 src=\u0022\/sites\/default\/files\/styles\/visionneuse\/public\/medias\/images\/velofrancette-caen_0.jpg.webp?itok=o32qT7kz\u0022 width=\u0022970\u0022 height=\u0022547\u0022 alt=\u0022Couple \u00e0 v\u00e9lo \u00e0 Caen sur la V\u00e9lo Francette\u0022 \/\u003E\n\n\n\n\n\u003C\/div\u003E\n      \n    \u003C\/div\u003E\n\u003C\/div\u003E\n\u003C\/div\u003E\n                          \u003C\/div\u003E\n          \u003C\/div\u003E\n          \u003Cdiv class=\u0022swiper-nav\u0022\u003E\n            \u003Cdiv class=\u0022swiper-button-prev\u0022\u003E\u003C\/div\u003E\n            \u003Cdiv class=\u0022swiper-button-next\u0022\u003E\u003C\/div\u003E\n          \u003C\/div\u003E\n        \u003C\/div\u003E\n        \u003Cdiv class=\u0022swiper-thumbs\u0022\u003E\n          \u003Cdiv class=\u0022swiper-container\u0022\u003E\n            \u003Cdiv class=\u0022swiper-wrapper\u0022\u003E\n                              \u003Cdiv class=\u0022swiper-slide\u0022\u003E\u003Cdiv\u003E\n  \n      \n            \u003Cdiv class=\u0022field_media_image\u0022\u003E  \u003Cimg loading=\u0022lazy\u0022 src=\u0022\/sites\/default\/files\/styles\/visionneuse_thumb\/public\/medias\/images\/ouistreham_6_c_pascal_beltrami_-_la_velo_francetterbd.jpg.webp?itok=e9TzY9gU\u0022 width=\u0022165\u0022 height=\u002295\u0022 alt=\u0022Plage de Ouistreham - Riva Bella\u0022 \/\u003E\n\n\n\n\n\u003C\/div\u003E\n      \n  \u003C\/div\u003E\n\u003C\/div\u003E\n                              \u003Cdiv class=\u0022swiper-slide\u0022\u003E\u003Cdiv\u003E\n  \n      \n            \u003Cdiv class=\u0022field_media_image\u0022\u003E  \u003Cimg loading=\u0022lazy\u0022 src=\u0022\/sites\/default\/files\/styles\/visionneuse_thumb\/public\/medias\/images\/ponton-bateaux-ouistreham.jpg.webp?itok=VXg0uyFE\u0022 width=\u0022165\u0022 height=\u002295\u0022 alt=\u0022Ponton et bateaux au port de Ouistreham - La V\u00e9lo Francette\u0022 \/\u003E\n\n\n\n\n\u003C\/div\u003E\n      \n  \u003C\/div\u003E\n\u003C\/div\u003E\n                              \u003Cdiv class=\u0022swiper-slide\u0022\u003E\u003Cdiv\u003E\n  \n      \n            \u003Cdiv class=\u0022field_media_image\u0022\u003E  \u003Cimg loading=\u0022lazy\u0022 src=\u0022\/sites\/default\/files\/styles\/visionneuse_thumb\/public\/medias\/images\/caen-rue-vaugueux-velofrancette.jpg.webp?itok=QTD5Qyn6\u0022 width=\u0022165\u0022 height=\u002295\u0022 alt=\u0022Restaurants dans la Rue de Vaugueux \u00e0 Caen\u0022 \/\u003E\n\n\n\n\n\u003C\/div\u003E\n      \n  \u003C\/div\u003E\n\u003C\/div\u003E\n                              \u003Cdiv class=\u0022swiper-slide\u0022\u003E\u003Cdiv\u003E\n  \n      \n            \u003Cdiv class=\u0022field_media_image\u0022\u003E  \u003Cimg loading=\u0022lazy\u0022 src=\u0022\/sites\/default\/files\/styles\/visionneuse_thumb\/public\/medias\/images\/baie-de-l-orne_0.jpg.webp?itok=NEk8pSTN\u0022 width=\u0022165\u0022 height=\u002295\u0022 alt=\u0022Baie de l\u0026#039;Orne vue du ciel\u0022 \/\u003E\n\n\n\n\n\u003C\/div\u003E\n      \n  \u003C\/div\u003E\n\u003C\/div\u003E\n                              \u003Cdiv class=\u0022swiper-slide\u0022\u003E\u003Cdiv\u003E\n  \n      \n            \u003Cdiv class=\u0022field_media_image\u0022\u003E  \u003Cimg loading=\u0022lazy\u0022 src=\u0022\/sites\/default\/files\/styles\/visionneuse_thumb\/public\/medias\/images\/caen-abbaye-aux_hommes-normandie_0.jpg.webp?itok=rkakAk9N\u0022 width=\u0022165\u0022 height=\u002295\u0022 alt=\u0022L\u0026#039;Abbaye aux Hommes \u00e0 Caen - La V\u00e9lo Francette\u0022 \/\u003E\n\n\n\n\n\u003C\/div\u003E\n      \n  \u003C\/div\u003E\n\u003C\/div\u003E\n                              \u003Cdiv class=\u0022swiper-slide\u0022\u003E\u003Cdiv\u003E\n  \n      \n            \u003Cdiv class=\u0022field_media_image\u0022\u003E  \u003Cimg loading=\u0022lazy\u0022 src=\u0022\/sites\/default\/files\/styles\/visionneuse_thumb\/public\/medias\/images\/marche-pecheur-ouistreham-velofrancette.jpg.webp?itok=HBd42QPF\u0022 width=\u0022165\u0022 height=\u002295\u0022 alt=\u0022March\u00e9 aux poissons et fruits de mer \u00e0 Ouistreham\u0022 \/\u003E\n\n\n\n\n\u003C\/div\u003E\n      \n  \u003C\/div\u003E\n\u003C\/div\u003E\n                              \u003Cdiv class=\u0022swiper-slide\u0022\u003E\u003Cdiv\u003E\n  \n      \n            \u003Cdiv class=\u0022field_media_image\u0022\u003E  \u003Cimg loading=\u0022lazy\u0022 src=\u0022\/sites\/default\/files\/styles\/visionneuse_thumb\/public\/medias\/images\/port-ouistreham-a-velo-velofrancette.jpg.webp?itok=62FO_6va\u0022 width=\u0022165\u0022 height=\u002295\u0022 alt=\u0022Port de Ouistreham \u00e0 v\u00e9lo - La V\u00e9lo Francette\u0022 \/\u003E\n\n\n\n\n\u003C\/div\u003E\n      \n  \u003C\/div\u003E\n\u003C\/div\u003E\n                              \u003Cdiv class=\u0022swiper-slide\u0022\u003E\u003Cdiv\u003E\n  \n      \n            \u003Cdiv class=\u0022field_media_image\u0022\u003E  \u003Cimg loading=\u0022lazy\u0022 src=\u0022\/sites\/default\/files\/styles\/visionneuse_thumb\/public\/medias\/images\/pegasus-bridge-velo-avec-remorque.jpg.webp?itok=tDOCXRkB\u0022 width=\u0022165\u0022 height=\u002295\u0022 alt=\u0022Pegasus Bridge \u00e0 v\u00e9lo avec une remorque\u0022 \/\u003E\n\n\n\n\n\u003C\/div\u003E\n      \n  \u003C\/div\u003E\n\u003C\/div\u003E\n                              \u003Cdiv class=\u0022swiper-slide\u0022\u003E\u003Cdiv\u003E\n  \n      \n            \u003Cdiv class=\u0022field_media_image\u0022\u003E  \u003Cimg loading=\u0022lazy\u0022 src=\u0022\/sites\/default\/files\/styles\/visionneuse_thumb\/public\/medias\/images\/velofrancette-caen_0.jpg.webp?itok=zseNCFSm\u0022 width=\u0022165\u0022 height=\u002295\u0022 alt=\u0022Couple \u00e0 v\u00e9lo \u00e0 Caen sur la V\u00e9lo Francette\u0022 \/\u003E\n\n\n\n\n\u003C\/div\u003E\n      \n  \u003C\/div\u003E\n\u003C\/div\u003E\n                          \u003C\/div\u003E\n          \u003C\/div\u003E\n        \u003C\/div\u003E\n          \u003C\/div\u003E\n  \u003C\/div\u003E\n\u003C\/div\u003E\n","settings":null}]